{"id":221,"date":"2024-10-17T15:46:19","date_gmt":"2024-10-17T13:46:19","guid":{"rendered":"https:\/\/leblogateur.fr\/?p=221"},"modified":"2024-10-17T15:46:24","modified_gmt":"2024-10-17T13:46:24","slug":"le-corps-de-lina-retrouve-dans-la-nievre","status":"publish","type":"post","link":"https:\/\/leblogateur.fr\/?p=221","title":{"rendered":"Le corps de Lina retrouv\u00e9 dans la Ni\u00e8vre"},"content":{"rendered":"\n<p>Lina, une jeune adolescente \u00e2g\u00e9e de 15 ans, \u00e9tait port\u00e9e disparue depuis le 23 Septembre 2023.<br>Son corps a \u00e9t\u00e9 retrouv\u00e9 dans la Ni\u00e8vre.<\/p>\n\n\n\n<!--more-->\n\n\n\n<p>Disparue depuis plus d&rsquo;un an, Lina n&rsquo;avait plus donn\u00e9 signe de vie depuis cette date, le 23 Septembre 2023, \u00e0 la veille du dernier bornage de son t\u00e9l\u00e9phone, alors qu&rsquo;elle devait prendre le train pour rejoindre son petit ami \u00e0 Strasbourg.<\/p>\n\n\n\n<p>Le 16 Octobre, le procureur de la R\u00e9publique de Strasbourg annon\u00e7ait que le corps de l&rsquo;adolescente avait \u00e9t\u00e9 retrouv\u00e9 dans la Ni\u00e8vre.<br>Lors de l&rsquo;enqu\u00eate diligent\u00e9e par la section de recherche d\u00e9partementale de la Gendarmerie Nationale, il avait \u00e9t\u00e9 constat\u00e9 qu&rsquo;une Ford Puma, appartenant au principal suspect, avait \u00e9t\u00e9 g\u00e9olocalis\u00e9e au m\u00eame endroit, au lendemain de sa disparition.<br>La culpabilit\u00e9 du suspect n&rsquo;aura jamais pu \u00eatre confirm\u00e9e, car ce dernier s&rsquo;\u00e9tait suicid\u00e9 en Juillet 2024.<\/p>\n\n\n\n<p>Une autopsie devra d\u00e9terminer les causes de la mort tragique de Lina, dont le corps a \u00e9t\u00e9 retrouv\u00e9 dans un cour d&rsquo;eau, en contrebas d&rsquo;un talus.<\/p>\n","protected":false},"excerpt":{"rendered":"<p>Le corps de Lina, adolescente de 15 ans disparue depuis Septembre 22023, a \u00e9t\u00e9 retrouv\u00e9 dans la Ni\u00e8vre.<\/p>\n","protected":false},"author":1,"featured_media":222,"comment_status":"open","ping_status":"open","sticky":false,"template":"","format":"standard","meta":{"pmpro_default_level":"","footnotes":"","jetpack_publicize_message":"","jetpack_publicize_feature_enabled":true,"jetpack_social_post_already_shared":true,"jetpack_social_options":{"image_generator_settings":{"template":"highway","enabled":false},"version":2},"_share_on_mastodon":"0"},"categories":[2,9],"tags":[23,61,62,22,59,60],"class_list":["post-221","post","type-post","status-publish","format-standard","has-post-thumbnail","hentry","category-alerte","category-justice","tag-blogateur","tag-disparition","tag-inquietante","tag-leblogateur","tag-lina","tag-nievre","pmpro-has-access"],"jetpack_publicize_connections":[],"share_on_mastodon":{"url":"https:\/\/mastodon.abhd.fr\/@leblogateur\/113323067514672708","error":""},"yoast_head":"<!-- This site is optimized with the Yoast SEO plugin v23.6 - https:\/\/yoast.com\/wordpress\/plugins\/seo\/ -->\n<title>Le corps de Lina retrouv\u00e9 dans la Ni\u00e8vre - LeBlogateur<\/title>\n<meta name=\"description\" content=\"%\" \/>\n<meta name=\"robots\" content=\"index, follow, max-snippet:-1, max-image-preview:large, max-video-preview:-1\" \/>\n<link rel=\"canonical\" href=\"https:\/\/leblogateur.fr\/?p=221\" \/>\n<meta property=\"og:locale\" content=\"fr_FR\" \/>\n<meta property=\"og:type\" content=\"article\" \/>\n<meta property=\"og:title\" content=\"Le corps de Lina retrouv\u00e9 dans la Ni\u00e8vre - LeBlogateur\" \/>\n<meta property=\"og:description\" content=\"Le corps de Lina, adolescente de 15 ans disparue depuis Septembre 22023, a \u00e9t\u00e9 retrouv\u00e9 dans la Ni\u00e8vre.\" \/>\n<meta property=\"og:url\" content=\"https:\/\/leblogateur.fr\/?p=221\" \/>\n<meta property=\"og:site_name\" content=\"LeBlogateur\" \/>\n<meta property=\"article:publisher\" content=\"https:\/\/facebook.com\/leblogateur\" \/>\n<meta property=\"article:published_time\" content=\"2024-10-17T13:46:19+00:00\" \/>\n<meta property=\"article:modified_time\" content=\"2024-10-17T13:46:24+00:00\" \/>\n<meta property=\"og:image\" content=\"https:\/\/leblogateur.fr\/wp-content\/uploads\/2024\/10\/image-6.png\" \/>\n\t<meta property=\"og:image:width\" content=\"1024\" \/>\n\t<meta property=\"og:image:height\" content=\"680\" \/>\n\t<meta property=\"og:image:type\" content=\"image\/png\" \/>\n<meta name=\"author\" content=\"adrien\" \/>\n<meta name=\"twitter:card\" content=\"summary_large_image\" \/>\n<meta name=\"twitter:title\" content=\"Le corps de Lina retrouv\u00e9 dans la Ni\u00e8vre - LeBlogateur\" \/>\n<meta name=\"twitter:description\" content=\"Le corps de Lina, adolescente de 15 ans disparue depuis Septembre 22023, a \u00e9t\u00e9 retrouv\u00e9 dans la Ni\u00e8vre.\" \/>\n<meta name=\"twitter:image\" content=\"https:\/\/leblogateur.fr\/wp-content\/uploads\/2024\/10\/image-6.png\" \/>\n<meta name=\"twitter:creator\" content=\"@blogateur\" \/>\n<meta name=\"twitter:site\" content=\"@blogateur\" \/>\n<meta name=\"twitter:label1\" content=\"\u00c9crit par\" \/>\n\t<meta name=\"twitter:data1\" content=\"adrien\" \/>\n\t<meta name=\"twitter:label2\" content=\"Dur\u00e9e de lecture estim\u00e9e\" \/>\n\t<meta name=\"twitter:data2\" content=\"2 minutes\" \/>\n<script type=\"application\/ld+json\" class=\"yoast-schema-graph\">{\"@context\":\"https:\/\/schema.org\",\"@graph\":[{\"@type\":\"Article\",\"@id\":\"https:\/\/leblogateur.fr\/?p=221#article\",\"isPartOf\":{\"@id\":\"https:\/\/leblogateur.fr\/?p=221\"},\"author\":{\"name\":\"adrien\",\"@id\":\"https:\/\/leblogateur.fr\/#\/schema\/person\/4dbb59f86ca1ce5da6ed7dc156a62408\"},\"headline\":\"Le corps de Lina retrouv\u00e9 dans la Ni\u00e8vre\",\"datePublished\":\"2024-10-17T13:46:19+00:00\",\"dateModified\":\"2024-10-17T13:46:24+00:00\",\"mainEntityOfPage\":{\"@id\":\"https:\/\/leblogateur.fr\/?p=221\"},\"wordCount\":192,\"commentCount\":1,\"publisher\":{\"@id\":\"https:\/\/leblogateur.fr\/#organization\"},\"image\":{\"@id\":\"https:\/\/leblogateur.fr\/?p=221#primaryimage\"},\"thumbnailUrl\":\"https:\/\/leblogateur.fr\/wp-content\/uploads\/2024\/10\/image-6.png\",\"keywords\":[\"blogateur\",\"disparition\",\"inqui\u00e9tante\",\"leblogateur\",\"Lina\",\"Ni\u00e8vre\"],\"articleSection\":[\"Alerte\",\"Justice\"],\"inLanguage\":\"fr-FR\",\"potentialAction\":[{\"@type\":\"CommentAction\",\"name\":\"Comment\",\"target\":[\"https:\/\/leblogateur.fr\/?p=221#respond\"]}]},{\"@type\":\"WebPage\",\"@id\":\"https:\/\/leblogateur.fr\/?p=221\",\"url\":\"https:\/\/leblogateur.fr\/?p=221\",\"name\":\"Le corps de Lina retrouv\u00e9 dans la Ni\u00e8vre - LeBlogateur\",\"isPartOf\":{\"@id\":\"https:\/\/leblogateur.fr\/#website\"},\"primaryImageOfPage\":{\"@id\":\"https:\/\/leblogateur.fr\/?p=221#primaryimage\"},\"image\":{\"@id\":\"https:\/\/leblogateur.fr\/?p=221#primaryimage\"},\"thumbnailUrl\":\"https:\/\/leblogateur.fr\/wp-content\/uploads\/2024\/10\/image-6.png\",\"datePublished\":\"2024-10-17T13:46:19+00:00\",\"dateModified\":\"2024-10-17T13:46:24+00:00\",\"description\":\"%\",\"breadcrumb\":{\"@id\":\"https:\/\/leblogateur.fr\/?p=221#breadcrumb\"},\"inLanguage\":\"fr-FR\",\"potentialAction\":[{\"@type\":\"ReadAction\",\"target\":[\"https:\/\/leblogateur.fr\/?p=221\"]}]},{\"@type\":\"ImageObject\",\"inLanguage\":\"fr-FR\",\"@id\":\"https:\/\/leblogateur.fr\/?p=221#primaryimage\",\"url\":\"https:\/\/leblogateur.fr\/wp-content\/uploads\/2024\/10\/image-6.png\",\"contentUrl\":\"https:\/\/leblogateur.fr\/wp-content\/uploads\/2024\/10\/image-6.png\",\"width\":1024,\"height\":680},{\"@type\":\"BreadcrumbList\",\"@id\":\"https:\/\/leblogateur.fr\/?p=221#breadcrumb\",\"itemListElement\":[{\"@type\":\"ListItem\",\"position\":1,\"name\":\"Accueil\",\"item\":\"https:\/\/leblogateur.fr\/\"},{\"@type\":\"ListItem\",\"position\":2,\"name\":\"Le corps de Lina retrouv\u00e9 dans la Ni\u00e8vre\"}]},{\"@type\":\"WebSite\",\"@id\":\"https:\/\/leblogateur.fr\/#website\",\"url\":\"https:\/\/leblogateur.fr\/\",\"name\":\"LeBlogateur\",\"description\":\"Votre dose d&#039;actu\",\"publisher\":{\"@id\":\"https:\/\/leblogateur.fr\/#organization\"},\"potentialAction\":[{\"@type\":\"SearchAction\",\"target\":{\"@type\":\"EntryPoint\",\"urlTemplate\":\"https:\/\/leblogateur.fr\/?s={search_term_string}\"},\"query-input\":{\"@type\":\"PropertyValueSpecification\",\"valueRequired\":true,\"valueName\":\"search_term_string\"}}],\"inLanguage\":\"fr-FR\"},{\"@type\":\"Organization\",\"@id\":\"https:\/\/leblogateur.fr\/#organization\",\"name\":\"LeBlogateur\",\"url\":\"https:\/\/leblogateur.fr\/\",\"logo\":{\"@type\":\"ImageObject\",\"inLanguage\":\"fr-FR\",\"@id\":\"https:\/\/leblogateur.fr\/#\/schema\/logo\/image\/\",\"url\":\"https:\/\/leblogateur.fr\/wp-content\/uploads\/2024\/10\/cropped-Capture-decran-2024-10-16-214642.png\",\"contentUrl\":\"https:\/\/leblogateur.fr\/wp-content\/uploads\/2024\/10\/cropped-Capture-decran-2024-10-16-214642.png\",\"width\":247,\"height\":95,\"caption\":\"LeBlogateur\"},\"image\":{\"@id\":\"https:\/\/leblogateur.fr\/#\/schema\/logo\/image\/\"},\"sameAs\":[\"https:\/\/facebook.com\/leblogateur\",\"https:\/\/x.com\/blogateur\"]},{\"@type\":\"Person\",\"@id\":\"https:\/\/leblogateur.fr\/#\/schema\/person\/4dbb59f86ca1ce5da6ed7dc156a62408\",\"name\":\"adrien\",\"image\":{\"@type\":\"ImageObject\",\"inLanguage\":\"fr-FR\",\"@id\":\"https:\/\/leblogateur.fr\/#\/schema\/person\/image\/\",\"url\":\"https:\/\/secure.gravatar.com\/avatar\/8f7f32835817313071b889fa696a3be8b702e01c3266e2768fd36b885f42ee51?s=96&d=mm&r=g\",\"contentUrl\":\"https:\/\/secure.gravatar.com\/avatar\/8f7f32835817313071b889fa696a3be8b702e01c3266e2768fd36b885f42ee51?s=96&d=mm&r=g\",\"caption\":\"adrien\"},\"sameAs\":[\"https:\/\/leblogateur.fr\"],\"url\":\"https:\/\/leblogateur.fr\/?author=1\"}]}<\/script>\n<!-- \/ Yoast SEO plugin. -->","yoast_head_json":{"title":"Le corps de Lina retrouv\u00e9 dans la Ni\u00e8vre - LeBlogateur","description":"%","robots":{"index":"index","follow":"follow","max-snippet":"max-snippet:-1","max-image-preview":"max-image-preview:large","max-video-preview":"max-video-preview:-1"},"canonical":"https:\/\/leblogateur.fr\/?p=221","og_locale":"fr_FR","og_type":"article","og_title":"Le corps de Lina retrouv\u00e9 dans la Ni\u00e8vre - LeBlogateur","og_description":"Le corps de Lina, adolescente de 15 ans disparue depuis Septembre 22023, a \u00e9t\u00e9 retrouv\u00e9 dans la Ni\u00e8vre.","og_url":"https:\/\/leblogateur.fr\/?p=221","og_site_name":"LeBlogateur","article_publisher":"https:\/\/facebook.com\/leblogateur","article_published_time":"2024-10-17T13:46:19+00:00","article_modified_time":"2024-10-17T13:46:24+00:00","og_image":[{"width":1024,"height":680,"url":"https:\/\/leblogateur.fr\/wp-content\/uploads\/2024\/10\/image-6.png","type":"image\/png"}],"author":"adrien","twitter_card":"summary_large_image","twitter_title":"Le corps de Lina retrouv\u00e9 dans la Ni\u00e8vre - LeBlogateur","twitter_description":"Le corps de Lina, adolescente de 15 ans disparue depuis Septembre 22023, a \u00e9t\u00e9 retrouv\u00e9 dans la Ni\u00e8vre.","twitter_image":"https:\/\/leblogateur.fr\/wp-content\/uploads\/2024\/10\/image-6.png","twitter_creator":"@blogateur","twitter_site":"@blogateur","twitter_misc":{"\u00c9crit par":"adrien","Dur\u00e9e de lecture estim\u00e9e":"2 minutes"},"schema":{"@context":"https:\/\/schema.org","@graph":[{"@type":"Article","@id":"https:\/\/leblogateur.fr\/?p=221#article","isPartOf":{"@id":"https:\/\/leblogateur.fr\/?p=221"},"author":{"name":"adrien","@id":"https:\/\/leblogateur.fr\/#\/schema\/person\/4dbb59f86ca1ce5da6ed7dc156a62408"},"headline":"Le corps de Lina retrouv\u00e9 dans la Ni\u00e8vre","datePublished":"2024-10-17T13:46:19+00:00","dateModified":"2024-10-17T13:46:24+00:00","mainEntityOfPage":{"@id":"https:\/\/leblogateur.fr\/?p=221"},"wordCount":192,"commentCount":1,"publisher":{"@id":"https:\/\/leblogateur.fr\/#organization"},"image":{"@id":"https:\/\/leblogateur.fr\/?p=221#primaryimage"},"thumbnailUrl":"https:\/\/leblogateur.fr\/wp-content\/uploads\/2024\/10\/image-6.png","keywords":["blogateur","disparition","inqui\u00e9tante","leblogateur","Lina","Ni\u00e8vre"],"articleSection":["Alerte","Justice"],"inLanguage":"fr-FR","potentialAction":[{"@type":"CommentAction","name":"Comment","target":["https:\/\/leblogateur.fr\/?p=221#respond"]}]},{"@type":"WebPage","@id":"https:\/\/leblogateur.fr\/?p=221","url":"https:\/\/leblogateur.fr\/?p=221","name":"Le corps de Lina retrouv\u00e9 dans la Ni\u00e8vre - LeBlogateur","isPartOf":{"@id":"https:\/\/leblogateur.fr\/#website"},"primaryImageOfPage":{"@id":"https:\/\/leblogateur.fr\/?p=221#primaryimage"},"image":{"@id":"https:\/\/leblogateur.fr\/?p=221#primaryimage"},"thumbnailUrl":"https:\/\/leblogateur.fr\/wp-content\/uploads\/2024\/10\/image-6.png","datePublished":"2024-10-17T13:46:19+00:00","dateModified":"2024-10-17T13:46:24+00:00","description":"%","breadcrumb":{"@id":"https:\/\/leblogateur.fr\/?p=221#breadcrumb"},"inLanguage":"fr-FR","potentialAction":[{"@type":"ReadAction","target":["https:\/\/leblogateur.fr\/?p=221"]}]},{"@type":"ImageObject","inLanguage":"fr-FR","@id":"https:\/\/leblogateur.fr\/?p=221#primaryimage","url":"https:\/\/leblogateur.fr\/wp-content\/uploads\/2024\/10\/image-6.png","contentUrl":"https:\/\/leblogateur.fr\/wp-content\/uploads\/2024\/10\/image-6.png","width":1024,"height":680},{"@type":"BreadcrumbList","@id":"https:\/\/leblogateur.fr\/?p=221#breadcrumb","itemListElement":[{"@type":"ListItem","position":1,"name":"Accueil","item":"https:\/\/leblogateur.fr\/"},{"@type":"ListItem","position":2,"name":"Le corps de Lina retrouv\u00e9 dans la Ni\u00e8vre"}]},{"@type":"WebSite","@id":"https:\/\/leblogateur.fr\/#website","url":"https:\/\/leblogateur.fr\/","name":"LeBlogateur","description":"Votre dose d&#039;actu","publisher":{"@id":"https:\/\/leblogateur.fr\/#organization"},"potentialAction":[{"@type":"SearchAction","target":{"@type":"EntryPoint","urlTemplate":"https:\/\/leblogateur.fr\/?s={search_term_string}"},"query-input":{"@type":"PropertyValueSpecification","valueRequired":true,"valueName":"search_term_string"}}],"inLanguage":"fr-FR"},{"@type":"Organization","@id":"https:\/\/leblogateur.fr\/#organization","name":"LeBlogateur","url":"https:\/\/leblogateur.fr\/","logo":{"@type":"ImageObject","inLanguage":"fr-FR","@id":"https:\/\/leblogateur.fr\/#\/schema\/logo\/image\/","url":"https:\/\/leblogateur.fr\/wp-content\/uploads\/2024\/10\/cropped-Capture-decran-2024-10-16-214642.png","contentUrl":"https:\/\/leblogateur.fr\/wp-content\/uploads\/2024\/10\/cropped-Capture-decran-2024-10-16-214642.png","width":247,"height":95,"caption":"LeBlogateur"},"image":{"@id":"https:\/\/leblogateur.fr\/#\/schema\/logo\/image\/"},"sameAs":["https:\/\/facebook.com\/leblogateur","https:\/\/x.com\/blogateur"]},{"@type":"Person","@id":"https:\/\/leblogateur.fr\/#\/schema\/person\/4dbb59f86ca1ce5da6ed7dc156a62408","name":"adrien","image":{"@type":"ImageObject","inLanguage":"fr-FR","@id":"https:\/\/leblogateur.fr\/#\/schema\/person\/image\/","url":"https:\/\/secure.gravatar.com\/avatar\/8f7f32835817313071b889fa696a3be8b702e01c3266e2768fd36b885f42ee51?s=96&d=mm&r=g","contentUrl":"https:\/\/secure.gravatar.com\/avatar\/8f7f32835817313071b889fa696a3be8b702e01c3266e2768fd36b885f42ee51?s=96&d=mm&r=g","caption":"adrien"},"sameAs":["https:\/\/leblogateur.fr"],"url":"https:\/\/leblogateur.fr\/?author=1"}]}},"_links":{"self":[{"href":"https:\/\/leblogateur.fr\/index.php?rest_route=\/wp\/v2\/posts\/221","targetHints":{"allow":["GET"]}}],"collection":[{"href":"https:\/\/leblogateur.fr\/index.php?rest_route=\/wp\/v2\/posts"}],"about":[{"href":"https:\/\/leblogateur.fr\/index.php?rest_route=\/wp\/v2\/types\/post"}],"author":[{"embeddable":true,"href":"https:\/\/leblogateur.fr\/index.php?rest_route=\/wp\/v2\/users\/1"}],"replies":[{"embeddable":true,"href":"https:\/\/leblogateur.fr\/index.php?rest_route=%2Fwp%2Fv2%2Fcomments&post=221"}],"version-history":[{"count":1,"href":"https:\/\/leblogateur.fr\/index.php?rest_route=\/wp\/v2\/posts\/221\/revisions"}],"predecessor-version":[{"id":223,"href":"https:\/\/leblogateur.fr\/index.php?rest_route=\/wp\/v2\/posts\/221\/revisions\/223"}],"wp:featuredmedia":[{"embeddable":true,"href":"https:\/\/leblogateur.fr\/index.php?rest_route=\/wp\/v2\/media\/222"}],"wp:attachment":[{"href":"https:\/\/leblogateur.fr\/index.php?rest_route=%2Fwp%2Fv2%2Fmedia&parent=221"}],"wp:term":[{"taxonomy":"category","embeddable":true,"href":"https:\/\/leblogateur.fr\/index.php?rest_route=%2Fwp%2Fv2%2Fcategories&post=221"},{"taxonomy":"post_tag","embeddable":true,"href":"https:\/\/leblogateur.fr\/index.php?rest_route=%2Fwp%2Fv2%2Ftags&post=221"}],"curies":[{"name":"wp","href":"https:\/\/api.w.org\/{rel}","templated":true}]}}