{"id":228,"date":"2024-10-22T23:44:17","date_gmt":"2024-10-22T21:44:17","guid":{"rendered":"https:\/\/leblogateur.fr\/?p=228"},"modified":"2024-10-22T23:58:45","modified_gmt":"2024-10-22T21:58:45","slug":"alerte-enlevement-santiago-na-toujours-pas-ete-retrouve","status":"publish","type":"post","link":"https:\/\/leblogateur.fr\/?p=228","title":{"rendered":"Alerte Enl\u00e8vement &#8211; Santiago n&rsquo;a toujours pas \u00e9t\u00e9 retrouv\u00e9"},"content":{"rendered":"\n<p>Santiago, un nourrisson de 17 jours, grand pr\u00e9matur\u00e9, a \u00e9t\u00e9 enlev\u00e9 Lundi 21 Octobre 2024 \u00e0 Aulnay sous Bois.<\/p>\n\n\n\n<!--more-->\n\n\n\n<p>Nous sommes le 21 Octobre 2024 lorsque, au sein de la maternit\u00e9 de l&rsquo;h\u00f4pital Robert Ballanger en Seine-Saint-Denis, entre 23 heures et 23:30, un nourrisson de 17 jours, est soustrait de son lit par ses parents, \u00e2g\u00e9s de 23 &amp; 25 ans.<\/p>\n\n\n\n<p>Le probl\u00e8me, qui compromet la vitalit\u00e9 du nouveau-n\u00e9, c&rsquo;est qu&rsquo;il est grand pr\u00e9matur\u00e9, et que sans soins continus, il est en danger de mort. Du fait de sa grande pr\u00e9maturit\u00e9, Santiago devait rester sous surveillance m\u00e9dicale pendant encore plusieurs semaines.<\/p>\n\n\n\n<p>Mais ses parents en ont visiblement d\u00e9cid\u00e9 autrement, en d\u00e9pit de tout bon sens, puisqu&rsquo;ils ont d\u00e9cid\u00e9 de retirer Santiago de la maternit\u00e9 o\u00f9 il se trouvait.<\/p>\n\n\n\n<p>Connus des services de Police, les parents ne s&rsquo;\u00e9taient pourtant pas vus retirer la garde de leur enfant, qu&rsquo;ils auraient \u00e0 priori emmen\u00e9 en Belgique, o\u00f9 la Police f\u00e9d\u00e9rale \u0153uvre pour tenter de les retrouver, gr\u00e2ce au signalement international \u00e9mis par la Pr\u00e9fecture de Police de Paris.<\/p>\n\n\n\n<h2 class=\"wp-block-heading\">5 proches interpell\u00e9s <\/h2>\n\n\n\n<p>Afin de retrouver le nourrisson au plus vite, et pour recueillir un maximum d&rsquo;informations, 5 proches des parents de Santiago ont \u00e9t\u00e9 interpell\u00e9s et plac\u00e9s en garde \u00e0 vue pour enl\u00e8vement en bande organis\u00e9e.<br>Ils sont actuellement entendus par les enqu\u00eateurs, afin de voir s&rsquo;ils retiennent des informations sur les intentions des parents de Santiago, et, dans un monde id\u00e9al, leur destination.<\/p>\n\n\n\n<p class=\"has-white-color has-vivid-red-background-color has-text-color has-background has-link-color wp-elements-2fa084a1ed79c44d664802b88a0d5815\">Si vous apercevez l&rsquo;enfant et\/ou ses parents, n&rsquo;intervenez pas seul(e) et contactez imm\u00e9diatement le <strong>197<\/strong>.<br>Santiago est un nouveau-n\u00e9 aux cheveux blonds, habill\u00e9 avec un t-shirt marron et d&rsquo;un pantalon blanc en velours \u00e9pais.<br>Son p\u00e8re porte un jeans sombre, un t-shirt blanc, un blouson en jeans bleu clair et un sur-blouson noir.<br>Sa m\u00e8re porte un pull blanc, un blouson sans manche bleu clair, et une jupe verte.<br>Ils seraient \u00e0 bord d&rsquo;une Audi noire immatricul\u00e9e GR-956-ZV.<\/p>\n","protected":false},"excerpt":{"rendered":"<p>Santiago, un nouveau-n\u00e9 de 17 mois grand pr\u00e9matur\u00e9, a \u00e9t\u00e9 enlev\u00e9.<\/p>\n","protected":false},"author":1,"featured_media":229,"comment_status":"open","ping_status":"open","sticky":false,"template":"","format":"standard","meta":{"pmpro_default_level":"","footnotes":"","jetpack_publicize_message":"","jetpack_publicize_feature_enabled":true,"jetpack_social_post_already_shared":true,"jetpack_social_options":{"image_generator_settings":{"template":"highway","enabled":false},"version":2},"_share_on_mastodon":"0"},"categories":[2,5],"tags":[71,75,72,22,74,70,73],"class_list":["post-228","post","type-post","status-publish","format-standard","has-post-thumbnail","hentry","category-alerte","category-faits-divers","tag-alerte","tag-ballanger","tag-enlevement","tag-leblogateur","tag-robert","tag-santiago","tag-seine-saint-denis","pmpro-has-access"],"jetpack_publicize_connections":[],"share_on_mastodon":{"url":"https:\/\/mastodon.abhd.fr\/@leblogateur\/113353258393330576","error":""},"yoast_head":"<!-- This site is optimized with the Yoast SEO plugin v23.6 - https:\/\/yoast.com\/wordpress\/plugins\/seo\/ -->\n<title>Alerte Enl\u00e8vement - Santiago n&#039;a toujours pas \u00e9t\u00e9 retrouv\u00e9 - LeBlogateur<\/title>\n<meta name=\"description\" content=\"Santiago, un nouveau-n\u00e9 de 17 mois grand pr\u00e9matur\u00e9, a \u00e9t\u00e9 enlev\u00e9.\" \/>\n<meta name=\"robots\" content=\"index, follow, max-snippet:-1, max-image-preview:large, max-video-preview:-1\" \/>\n<link rel=\"canonical\" href=\"https:\/\/leblogateur.fr\/?p=228\" \/>\n<meta property=\"og:locale\" content=\"fr_FR\" \/>\n<meta property=\"og:type\" content=\"article\" \/>\n<meta property=\"og:title\" content=\"Alerte Enl\u00e8vement - Santiago n&#039;a toujours pas \u00e9t\u00e9 retrouv\u00e9 - LeBlogateur\" \/>\n<meta property=\"og:description\" content=\"Santiago, un nouveau-n\u00e9 de 17 mois grand pr\u00e9matur\u00e9, a \u00e9t\u00e9 enlev\u00e9.\" \/>\n<meta property=\"og:url\" content=\"https:\/\/leblogateur.fr\/?p=228\" \/>\n<meta property=\"og:site_name\" content=\"LeBlogateur\" \/>\n<meta property=\"article:publisher\" content=\"https:\/\/facebook.com\/leblogateur\" \/>\n<meta property=\"article:published_time\" content=\"2024-10-22T21:44:17+00:00\" \/>\n<meta property=\"article:modified_time\" content=\"2024-10-22T21:58:45+00:00\" \/>\n<meta property=\"og:image\" content=\"https:\/\/leblogateur.fr\/wp-content\/uploads\/2024\/10\/image-8.png\" \/>\n\t<meta property=\"og:image:width\" content=\"640\" \/>\n\t<meta property=\"og:image:height\" content=\"480\" \/>\n\t<meta property=\"og:image:type\" content=\"image\/png\" \/>\n<meta name=\"author\" content=\"adrien\" \/>\n<meta name=\"twitter:card\" content=\"summary_large_image\" \/>\n<meta name=\"twitter:creator\" content=\"@blogateur\" \/>\n<meta name=\"twitter:site\" content=\"@blogateur\" \/>\n<meta name=\"twitter:label1\" content=\"\u00c9crit par\" \/>\n\t<meta name=\"twitter:data1\" content=\"adrien\" \/>\n\t<meta name=\"twitter:label2\" content=\"Dur\u00e9e de lecture estim\u00e9e\" \/>\n\t<meta name=\"twitter:data2\" content=\"2 minutes\" \/>\n<script type=\"application\/ld+json\" class=\"yoast-schema-graph\">{\"@context\":\"https:\/\/schema.org\",\"@graph\":[{\"@type\":\"Article\",\"@id\":\"https:\/\/leblogateur.fr\/?p=228#article\",\"isPartOf\":{\"@id\":\"https:\/\/leblogateur.fr\/?p=228\"},\"author\":{\"name\":\"adrien\",\"@id\":\"https:\/\/leblogateur.fr\/#\/schema\/person\/4dbb59f86ca1ce5da6ed7dc156a62408\"},\"headline\":\"Alerte Enl\u00e8vement &#8211; Santiago n&rsquo;a toujours pas \u00e9t\u00e9 retrouv\u00e9\",\"datePublished\":\"2024-10-22T21:44:17+00:00\",\"dateModified\":\"2024-10-22T21:58:45+00:00\",\"mainEntityOfPage\":{\"@id\":\"https:\/\/leblogateur.fr\/?p=228\"},\"wordCount\":352,\"commentCount\":1,\"publisher\":{\"@id\":\"https:\/\/leblogateur.fr\/#organization\"},\"image\":{\"@id\":\"https:\/\/leblogateur.fr\/?p=228#primaryimage\"},\"thumbnailUrl\":\"https:\/\/leblogateur.fr\/wp-content\/uploads\/2024\/10\/image-8.png\",\"keywords\":[\"Alerte\",\"Ballanger\",\"Enl\u00e8vement\",\"leblogateur\",\"Robert\",\"Santiago\",\"Seine-Saint-Denis\"],\"articleSection\":[\"Alerte\",\"Faits divers\"],\"inLanguage\":\"fr-FR\",\"potentialAction\":[{\"@type\":\"CommentAction\",\"name\":\"Comment\",\"target\":[\"https:\/\/leblogateur.fr\/?p=228#respond\"]}]},{\"@type\":\"WebPage\",\"@id\":\"https:\/\/leblogateur.fr\/?p=228\",\"url\":\"https:\/\/leblogateur.fr\/?p=228\",\"name\":\"Alerte Enl\u00e8vement - Santiago n'a toujours pas \u00e9t\u00e9 retrouv\u00e9 - LeBlogateur\",\"isPartOf\":{\"@id\":\"https:\/\/leblogateur.fr\/#website\"},\"primaryImageOfPage\":{\"@id\":\"https:\/\/leblogateur.fr\/?p=228#primaryimage\"},\"image\":{\"@id\":\"https:\/\/leblogateur.fr\/?p=228#primaryimage\"},\"thumbnailUrl\":\"https:\/\/leblogateur.fr\/wp-content\/uploads\/2024\/10\/image-8.png\",\"datePublished\":\"2024-10-22T21:44:17+00:00\",\"dateModified\":\"2024-10-22T21:58:45+00:00\",\"description\":\"Santiago, un nouveau-n\u00e9 de 17 mois grand pr\u00e9matur\u00e9, a \u00e9t\u00e9 enlev\u00e9.\",\"breadcrumb\":{\"@id\":\"https:\/\/leblogateur.fr\/?p=228#breadcrumb\"},\"inLanguage\":\"fr-FR\",\"potentialAction\":[{\"@type\":\"ReadAction\",\"target\":[\"https:\/\/leblogateur.fr\/?p=228\"]}]},{\"@type\":\"ImageObject\",\"inLanguage\":\"fr-FR\",\"@id\":\"https:\/\/leblogateur.fr\/?p=228#primaryimage\",\"url\":\"https:\/\/leblogateur.fr\/wp-content\/uploads\/2024\/10\/image-8.png\",\"contentUrl\":\"https:\/\/leblogateur.fr\/wp-content\/uploads\/2024\/10\/image-8.png\",\"width\":640,\"height\":480},{\"@type\":\"BreadcrumbList\",\"@id\":\"https:\/\/leblogateur.fr\/?p=228#breadcrumb\",\"itemListElement\":[{\"@type\":\"ListItem\",\"position\":1,\"name\":\"Accueil\",\"item\":\"https:\/\/leblogateur.fr\/\"},{\"@type\":\"ListItem\",\"position\":2,\"name\":\"Alerte Enl\u00e8vement &#8211; Santiago n&rsquo;a toujours pas \u00e9t\u00e9 retrouv\u00e9\"}]},{\"@type\":\"WebSite\",\"@id\":\"https:\/\/leblogateur.fr\/#website\",\"url\":\"https:\/\/leblogateur.fr\/\",\"name\":\"LeBlogateur\",\"description\":\"Votre dose d&#039;actu\",\"publisher\":{\"@id\":\"https:\/\/leblogateur.fr\/#organization\"},\"potentialAction\":[{\"@type\":\"SearchAction\",\"target\":{\"@type\":\"EntryPoint\",\"urlTemplate\":\"https:\/\/leblogateur.fr\/?s={search_term_string}\"},\"query-input\":{\"@type\":\"PropertyValueSpecification\",\"valueRequired\":true,\"valueName\":\"search_term_string\"}}],\"inLanguage\":\"fr-FR\"},{\"@type\":\"Organization\",\"@id\":\"https:\/\/leblogateur.fr\/#organization\",\"name\":\"LeBlogateur\",\"url\":\"https:\/\/leblogateur.fr\/\",\"logo\":{\"@type\":\"ImageObject\",\"inLanguage\":\"fr-FR\",\"@id\":\"https:\/\/leblogateur.fr\/#\/schema\/logo\/image\/\",\"url\":\"https:\/\/leblogateur.fr\/wp-content\/uploads\/2024\/10\/cropped-Capture-decran-2024-10-16-214642.png\",\"contentUrl\":\"https:\/\/leblogateur.fr\/wp-content\/uploads\/2024\/10\/cropped-Capture-decran-2024-10-16-214642.png\",\"width\":247,\"height\":95,\"caption\":\"LeBlogateur\"},\"image\":{\"@id\":\"https:\/\/leblogateur.fr\/#\/schema\/logo\/image\/\"},\"sameAs\":[\"https:\/\/facebook.com\/leblogateur\",\"https:\/\/x.com\/blogateur\"]},{\"@type\":\"Person\",\"@id\":\"https:\/\/leblogateur.fr\/#\/schema\/person\/4dbb59f86ca1ce5da6ed7dc156a62408\",\"name\":\"adrien\",\"image\":{\"@type\":\"ImageObject\",\"inLanguage\":\"fr-FR\",\"@id\":\"https:\/\/leblogateur.fr\/#\/schema\/person\/image\/\",\"url\":\"https:\/\/secure.gravatar.com\/avatar\/8f7f32835817313071b889fa696a3be8b702e01c3266e2768fd36b885f42ee51?s=96&d=mm&r=g\",\"contentUrl\":\"https:\/\/secure.gravatar.com\/avatar\/8f7f32835817313071b889fa696a3be8b702e01c3266e2768fd36b885f42ee51?s=96&d=mm&r=g\",\"caption\":\"adrien\"},\"sameAs\":[\"https:\/\/leblogateur.fr\"],\"url\":\"https:\/\/leblogateur.fr\/?author=1\"}]}<\/script>\n<!-- \/ Yoast SEO plugin. -->","yoast_head_json":{"title":"Alerte Enl\u00e8vement - Santiago n'a toujours pas \u00e9t\u00e9 retrouv\u00e9 - LeBlogateur","description":"Santiago, un nouveau-n\u00e9 de 17 mois grand pr\u00e9matur\u00e9, a \u00e9t\u00e9 enlev\u00e9.","robots":{"index":"index","follow":"follow","max-snippet":"max-snippet:-1","max-image-preview":"max-image-preview:large","max-video-preview":"max-video-preview:-1"},"canonical":"https:\/\/leblogateur.fr\/?p=228","og_locale":"fr_FR","og_type":"article","og_title":"Alerte Enl\u00e8vement - Santiago n'a toujours pas \u00e9t\u00e9 retrouv\u00e9 - LeBlogateur","og_description":"Santiago, un nouveau-n\u00e9 de 17 mois grand pr\u00e9matur\u00e9, a \u00e9t\u00e9 enlev\u00e9.","og_url":"https:\/\/leblogateur.fr\/?p=228","og_site_name":"LeBlogateur","article_publisher":"https:\/\/facebook.com\/leblogateur","article_published_time":"2024-10-22T21:44:17+00:00","article_modified_time":"2024-10-22T21:58:45+00:00","og_image":[{"width":640,"height":480,"url":"https:\/\/leblogateur.fr\/wp-content\/uploads\/2024\/10\/image-8.png","type":"image\/png"}],"author":"adrien","twitter_card":"summary_large_image","twitter_creator":"@blogateur","twitter_site":"@blogateur","twitter_misc":{"\u00c9crit par":"adrien","Dur\u00e9e de lecture estim\u00e9e":"2 minutes"},"schema":{"@context":"https:\/\/schema.org","@graph":[{"@type":"Article","@id":"https:\/\/leblogateur.fr\/?p=228#article","isPartOf":{"@id":"https:\/\/leblogateur.fr\/?p=228"},"author":{"name":"adrien","@id":"https:\/\/leblogateur.fr\/#\/schema\/person\/4dbb59f86ca1ce5da6ed7dc156a62408"},"headline":"Alerte Enl\u00e8vement &#8211; Santiago n&rsquo;a toujours pas \u00e9t\u00e9 retrouv\u00e9","datePublished":"2024-10-22T21:44:17+00:00","dateModified":"2024-10-22T21:58:45+00:00","mainEntityOfPage":{"@id":"https:\/\/leblogateur.fr\/?p=228"},"wordCount":352,"commentCount":1,"publisher":{"@id":"https:\/\/leblogateur.fr\/#organization"},"image":{"@id":"https:\/\/leblogateur.fr\/?p=228#primaryimage"},"thumbnailUrl":"https:\/\/leblogateur.fr\/wp-content\/uploads\/2024\/10\/image-8.png","keywords":["Alerte","Ballanger","Enl\u00e8vement","leblogateur","Robert","Santiago","Seine-Saint-Denis"],"articleSection":["Alerte","Faits divers"],"inLanguage":"fr-FR","potentialAction":[{"@type":"CommentAction","name":"Comment","target":["https:\/\/leblogateur.fr\/?p=228#respond"]}]},{"@type":"WebPage","@id":"https:\/\/leblogateur.fr\/?p=228","url":"https:\/\/leblogateur.fr\/?p=228","name":"Alerte Enl\u00e8vement - Santiago n'a toujours pas \u00e9t\u00e9 retrouv\u00e9 - LeBlogateur","isPartOf":{"@id":"https:\/\/leblogateur.fr\/#website"},"primaryImageOfPage":{"@id":"https:\/\/leblogateur.fr\/?p=228#primaryimage"},"image":{"@id":"https:\/\/leblogateur.fr\/?p=228#primaryimage"},"thumbnailUrl":"https:\/\/leblogateur.fr\/wp-content\/uploads\/2024\/10\/image-8.png","datePublished":"2024-10-22T21:44:17+00:00","dateModified":"2024-10-22T21:58:45+00:00","description":"Santiago, un nouveau-n\u00e9 de 17 mois grand pr\u00e9matur\u00e9, a \u00e9t\u00e9 enlev\u00e9.","breadcrumb":{"@id":"https:\/\/leblogateur.fr\/?p=228#breadcrumb"},"inLanguage":"fr-FR","potentialAction":[{"@type":"ReadAction","target":["https:\/\/leblogateur.fr\/?p=228"]}]},{"@type":"ImageObject","inLanguage":"fr-FR","@id":"https:\/\/leblogateur.fr\/?p=228#primaryimage","url":"https:\/\/leblogateur.fr\/wp-content\/uploads\/2024\/10\/image-8.png","contentUrl":"https:\/\/leblogateur.fr\/wp-content\/uploads\/2024\/10\/image-8.png","width":640,"height":480},{"@type":"BreadcrumbList","@id":"https:\/\/leblogateur.fr\/?p=228#breadcrumb","itemListElement":[{"@type":"ListItem","position":1,"name":"Accueil","item":"https:\/\/leblogateur.fr\/"},{"@type":"ListItem","position":2,"name":"Alerte Enl\u00e8vement &#8211; Santiago n&rsquo;a toujours pas \u00e9t\u00e9 retrouv\u00e9"}]},{"@type":"WebSite","@id":"https:\/\/leblogateur.fr\/#website","url":"https:\/\/leblogateur.fr\/","name":"LeBlogateur","description":"Votre dose d&#039;actu","publisher":{"@id":"https:\/\/leblogateur.fr\/#organization"},"potentialAction":[{"@type":"SearchAction","target":{"@type":"EntryPoint","urlTemplate":"https:\/\/leblogateur.fr\/?s={search_term_string}"},"query-input":{"@type":"PropertyValueSpecification","valueRequired":true,"valueName":"search_term_string"}}],"inLanguage":"fr-FR"},{"@type":"Organization","@id":"https:\/\/leblogateur.fr\/#organization","name":"LeBlogateur","url":"https:\/\/leblogateur.fr\/","logo":{"@type":"ImageObject","inLanguage":"fr-FR","@id":"https:\/\/leblogateur.fr\/#\/schema\/logo\/image\/","url":"https:\/\/leblogateur.fr\/wp-content\/uploads\/2024\/10\/cropped-Capture-decran-2024-10-16-214642.png","contentUrl":"https:\/\/leblogateur.fr\/wp-content\/uploads\/2024\/10\/cropped-Capture-decran-2024-10-16-214642.png","width":247,"height":95,"caption":"LeBlogateur"},"image":{"@id":"https:\/\/leblogateur.fr\/#\/schema\/logo\/image\/"},"sameAs":["https:\/\/facebook.com\/leblogateur","https:\/\/x.com\/blogateur"]},{"@type":"Person","@id":"https:\/\/leblogateur.fr\/#\/schema\/person\/4dbb59f86ca1ce5da6ed7dc156a62408","name":"adrien","image":{"@type":"ImageObject","inLanguage":"fr-FR","@id":"https:\/\/leblogateur.fr\/#\/schema\/person\/image\/","url":"https:\/\/secure.gravatar.com\/avatar\/8f7f32835817313071b889fa696a3be8b702e01c3266e2768fd36b885f42ee51?s=96&d=mm&r=g","contentUrl":"https:\/\/secure.gravatar.com\/avatar\/8f7f32835817313071b889fa696a3be8b702e01c3266e2768fd36b885f42ee51?s=96&d=mm&r=g","caption":"adrien"},"sameAs":["https:\/\/leblogateur.fr"],"url":"https:\/\/leblogateur.fr\/?author=1"}]}},"_links":{"self":[{"href":"https:\/\/leblogateur.fr\/index.php?rest_route=\/wp\/v2\/posts\/228","targetHints":{"allow":["GET"]}}],"collection":[{"href":"https:\/\/leblogateur.fr\/index.php?rest_route=\/wp\/v2\/posts"}],"about":[{"href":"https:\/\/leblogateur.fr\/index.php?rest_route=\/wp\/v2\/types\/post"}],"author":[{"embeddable":true,"href":"https:\/\/leblogateur.fr\/index.php?rest_route=\/wp\/v2\/users\/1"}],"replies":[{"embeddable":true,"href":"https:\/\/leblogateur.fr\/index.php?rest_route=%2Fwp%2Fv2%2Fcomments&post=228"}],"version-history":[{"count":2,"href":"https:\/\/leblogateur.fr\/index.php?rest_route=\/wp\/v2\/posts\/228\/revisions"}],"predecessor-version":[{"id":233,"href":"https:\/\/leblogateur.fr\/index.php?rest_route=\/wp\/v2\/posts\/228\/revisions\/233"}],"wp:featuredmedia":[{"embeddable":true,"href":"https:\/\/leblogateur.fr\/index.php?rest_route=\/wp\/v2\/media\/229"}],"wp:attachment":[{"href":"https:\/\/leblogateur.fr\/index.php?rest_route=%2Fwp%2Fv2%2Fmedia&parent=228"}],"wp:term":[{"taxonomy":"category","embeddable":true,"href":"https:\/\/leblogateur.fr\/index.php?rest_route=%2Fwp%2Fv2%2Fcategories&post=228"},{"taxonomy":"post_tag","embeddable":true,"href":"https:\/\/leblogateur.fr\/index.php?rest_route=%2Fwp%2Fv2%2Ftags&post=228"}],"curies":[{"name":"wp","href":"https:\/\/api.w.org\/{rel}","templated":true}]}}