{"id":239,"date":"2024-10-23T09:02:37","date_gmt":"2024-10-23T07:02:37","guid":{"rendered":"https:\/\/leblogateur.fr\/?p=239"},"modified":"2024-10-23T09:02:40","modified_gmt":"2024-10-23T07:02:40","slug":"grenoble-une-fusillade-fait-un-mort-et-un-blesse","status":"publish","type":"post","link":"https:\/\/leblogateur.fr\/?p=239","title":{"rendered":"Grenoble : Une fusillade fait un mort et un bless\u00e9"},"content":{"rendered":"\n<p>\u00c2g\u00e9s de 16 &amp; 17 ans, deux adolescents ont \u00e9t\u00e9 touch\u00e9s par balles lors d&rsquo;une fusillade \u00e0 proximit\u00e9 d&rsquo;un point de deal, \u00e0 Grenoble.<\/p>\n\n\n\n<!--more-->\n\n\n\n<p>C&rsquo;est vers 22 heures, Mardi 22 Octobre, que les pompiers ont \u00e9t\u00e9 appel\u00e9s, \u00e0 la suite d&rsquo;une fusillade \u00e0 Grenoble, dans le quartier Hoche. Sur place, les pompiers font face \u00e0 deux victimes, deux adolescents de 16 &amp; 17 ans. Appuy\u00e9s par le SMUR, les pompiers prennent en charge les deux victimes.<\/p>\n\n\n\n<p>Touch\u00e9 \u00e0 la t\u00eate, l&rsquo;une des deux victimes \u00e9tait d\u00e9c\u00e9d\u00e9e \u00e0 l&rsquo;arriv\u00e9e des secours.<br>La seconde victime, touch\u00e9e \u00e0 la cuisse, a \u00e9t\u00e9 prise en charge et transport\u00e9e au centre hospitalier de Grenoble.<\/p>\n\n\n\n<p>Depuis le d\u00e9but 2024, c&rsquo;est une vingtaine de fusillades qui sont recens\u00e9es dans l&rsquo;agglom\u00e9ration de Grenoble, o\u00f9 une personne de 47 ans avait \u00e9galement \u00e9t\u00e9 tu\u00e9e par balles.<br>Le 10 Octobre, un fourgon blind\u00e9 de transport de fonds avait \u00e9t\u00e9 la cible d&rsquo;une attaque \u00e0 l&rsquo;arme lourde, des kalashnikov. Les malfaiteurs n&rsquo;avaient fort heureusement pas faits de bless\u00e9s, et avaient pris la fuite, sans rien emporter avec eux.<br>D\u00e9but Septembre, un employ\u00e9 municipal \u00e9tait tu\u00e9 par balles alors qu&rsquo;il intervenait sur un accident de la route. Le suspect, un homme tristement connu des services de Police, est toujours en cavale.<\/p>\n","protected":false},"excerpt":{"rendered":"<p>Une \u00e9ni\u00e8me fusillade fait un mort et un bless\u00e9 \u00e0 Grenoble. Ils avaient 16 &#038; 17 ans.<\/p>\n","protected":false},"author":1,"featured_media":240,"comment_status":"open","ping_status":"open","sticky":false,"template":"","format":"standard","meta":{"pmpro_default_level":"","footnotes":"","jetpack_publicize_message":"","jetpack_publicize_feature_enabled":true,"jetpack_social_post_already_shared":true,"jetpack_social_options":{"image_generator_settings":{"template":"highway","enabled":false},"version":2},"_share_on_mastodon":"0"},"categories":[5],"tags":[84,81,86,80,85,82,22,83],"class_list":["post-239","post","type-post","status-publish","format-standard","has-post-thumbnail","hentry","category-faits-divers","tag-drogue","tag-fusillade","tag-gang","tag-grenoble","tag-guerre","tag-hoche","tag-leblogateur","tag-trafic","pmpro-has-access"],"jetpack_publicize_connections":[],"share_on_mastodon":{"url":"https:\/\/mastodon.abhd.fr\/@leblogateur\/113355453864691893","error":""},"yoast_head":"<!-- This site is optimized with the Yoast SEO plugin v23.6 - https:\/\/yoast.com\/wordpress\/plugins\/seo\/ -->\n<title>Grenoble : Une fusillade fait un mort et un bless\u00e9 - LeBlogateur<\/title>\n<meta name=\"description\" content=\"Une \u00e9ni\u00e8me fusillade fait un mort et un bless\u00e9 \u00e0 Grenoble. Ils avaient 16 &amp; 17 ans.\" \/>\n<meta name=\"robots\" content=\"index, follow, max-snippet:-1, max-image-preview:large, max-video-preview:-1\" \/>\n<link rel=\"canonical\" href=\"https:\/\/leblogateur.fr\/?p=239\" \/>\n<meta property=\"og:locale\" content=\"fr_FR\" \/>\n<meta property=\"og:type\" content=\"article\" \/>\n<meta property=\"og:title\" content=\"Grenoble : Une fusillade fait un mort et un bless\u00e9 - LeBlogateur\" \/>\n<meta property=\"og:description\" content=\"Une \u00e9ni\u00e8me fusillade fait un mort et un bless\u00e9 \u00e0 Grenoble. Ils avaient 16 &amp; 17 ans.\" \/>\n<meta property=\"og:url\" content=\"https:\/\/leblogateur.fr\/?p=239\" \/>\n<meta property=\"og:site_name\" content=\"LeBlogateur\" \/>\n<meta property=\"article:publisher\" content=\"https:\/\/facebook.com\/leblogateur\" \/>\n<meta property=\"article:published_time\" content=\"2024-10-23T07:02:37+00:00\" \/>\n<meta property=\"article:modified_time\" content=\"2024-10-23T07:02:40+00:00\" \/>\n<meta property=\"og:image\" content=\"https:\/\/leblogateur.fr\/wp-content\/uploads\/2024\/10\/image-10.png\" \/>\n\t<meta property=\"og:image:width\" content=\"1000\" \/>\n\t<meta property=\"og:image:height\" content=\"500\" \/>\n\t<meta property=\"og:image:type\" content=\"image\/png\" \/>\n<meta name=\"author\" content=\"adrien\" \/>\n<meta name=\"twitter:card\" content=\"summary_large_image\" \/>\n<meta name=\"twitter:creator\" content=\"@blogateur\" \/>\n<meta name=\"twitter:site\" content=\"@blogateur\" \/>\n<meta name=\"twitter:label1\" content=\"\u00c9crit par\" \/>\n\t<meta name=\"twitter:data1\" content=\"adrien\" \/>\n\t<meta name=\"twitter:label2\" content=\"Dur\u00e9e de lecture estim\u00e9e\" \/>\n\t<meta name=\"twitter:data2\" content=\"2 minutes\" \/>\n<script type=\"application\/ld+json\" class=\"yoast-schema-graph\">{\"@context\":\"https:\/\/schema.org\",\"@graph\":[{\"@type\":\"Article\",\"@id\":\"https:\/\/leblogateur.fr\/?p=239#article\",\"isPartOf\":{\"@id\":\"https:\/\/leblogateur.fr\/?p=239\"},\"author\":{\"name\":\"adrien\",\"@id\":\"https:\/\/leblogateur.fr\/#\/schema\/person\/4dbb59f86ca1ce5da6ed7dc156a62408\"},\"headline\":\"Grenoble : Une fusillade fait un mort et un bless\u00e9\",\"datePublished\":\"2024-10-23T07:02:37+00:00\",\"dateModified\":\"2024-10-23T07:02:40+00:00\",\"mainEntityOfPage\":{\"@id\":\"https:\/\/leblogateur.fr\/?p=239\"},\"wordCount\":229,\"commentCount\":0,\"publisher\":{\"@id\":\"https:\/\/leblogateur.fr\/#organization\"},\"image\":{\"@id\":\"https:\/\/leblogateur.fr\/?p=239#primaryimage\"},\"thumbnailUrl\":\"https:\/\/leblogateur.fr\/wp-content\/uploads\/2024\/10\/image-10.png\",\"keywords\":[\"Drogue\",\"Fusillade\",\"Gang\",\"Grenoble\",\"Guerre\",\"Hoche\",\"leblogateur\",\"Trafic\"],\"articleSection\":[\"Faits divers\"],\"inLanguage\":\"fr-FR\",\"potentialAction\":[{\"@type\":\"CommentAction\",\"name\":\"Comment\",\"target\":[\"https:\/\/leblogateur.fr\/?p=239#respond\"]}]},{\"@type\":\"WebPage\",\"@id\":\"https:\/\/leblogateur.fr\/?p=239\",\"url\":\"https:\/\/leblogateur.fr\/?p=239\",\"name\":\"Grenoble : Une fusillade fait un mort et un bless\u00e9 - LeBlogateur\",\"isPartOf\":{\"@id\":\"https:\/\/leblogateur.fr\/#website\"},\"primaryImageOfPage\":{\"@id\":\"https:\/\/leblogateur.fr\/?p=239#primaryimage\"},\"image\":{\"@id\":\"https:\/\/leblogateur.fr\/?p=239#primaryimage\"},\"thumbnailUrl\":\"https:\/\/leblogateur.fr\/wp-content\/uploads\/2024\/10\/image-10.png\",\"datePublished\":\"2024-10-23T07:02:37+00:00\",\"dateModified\":\"2024-10-23T07:02:40+00:00\",\"description\":\"Une \u00e9ni\u00e8me fusillade fait un mort et un bless\u00e9 \u00e0 Grenoble. Ils avaient 16 & 17 ans.\",\"breadcrumb\":{\"@id\":\"https:\/\/leblogateur.fr\/?p=239#breadcrumb\"},\"inLanguage\":\"fr-FR\",\"potentialAction\":[{\"@type\":\"ReadAction\",\"target\":[\"https:\/\/leblogateur.fr\/?p=239\"]}]},{\"@type\":\"ImageObject\",\"inLanguage\":\"fr-FR\",\"@id\":\"https:\/\/leblogateur.fr\/?p=239#primaryimage\",\"url\":\"https:\/\/leblogateur.fr\/wp-content\/uploads\/2024\/10\/image-10.png\",\"contentUrl\":\"https:\/\/leblogateur.fr\/wp-content\/uploads\/2024\/10\/image-10.png\",\"width\":1000,\"height\":500},{\"@type\":\"BreadcrumbList\",\"@id\":\"https:\/\/leblogateur.fr\/?p=239#breadcrumb\",\"itemListElement\":[{\"@type\":\"ListItem\",\"position\":1,\"name\":\"Accueil\",\"item\":\"https:\/\/leblogateur.fr\/\"},{\"@type\":\"ListItem\",\"position\":2,\"name\":\"Grenoble : Une fusillade fait un mort et un bless\u00e9\"}]},{\"@type\":\"WebSite\",\"@id\":\"https:\/\/leblogateur.fr\/#website\",\"url\":\"https:\/\/leblogateur.fr\/\",\"name\":\"LeBlogateur\",\"description\":\"Votre dose d&#039;actu\",\"publisher\":{\"@id\":\"https:\/\/leblogateur.fr\/#organization\"},\"potentialAction\":[{\"@type\":\"SearchAction\",\"target\":{\"@type\":\"EntryPoint\",\"urlTemplate\":\"https:\/\/leblogateur.fr\/?s={search_term_string}\"},\"query-input\":{\"@type\":\"PropertyValueSpecification\",\"valueRequired\":true,\"valueName\":\"search_term_string\"}}],\"inLanguage\":\"fr-FR\"},{\"@type\":\"Organization\",\"@id\":\"https:\/\/leblogateur.fr\/#organization\",\"name\":\"LeBlogateur\",\"url\":\"https:\/\/leblogateur.fr\/\",\"logo\":{\"@type\":\"ImageObject\",\"inLanguage\":\"fr-FR\",\"@id\":\"https:\/\/leblogateur.fr\/#\/schema\/logo\/image\/\",\"url\":\"https:\/\/leblogateur.fr\/wp-content\/uploads\/2024\/10\/cropped-Capture-decran-2024-10-16-214642.png\",\"contentUrl\":\"https:\/\/leblogateur.fr\/wp-content\/uploads\/2024\/10\/cropped-Capture-decran-2024-10-16-214642.png\",\"width\":247,\"height\":95,\"caption\":\"LeBlogateur\"},\"image\":{\"@id\":\"https:\/\/leblogateur.fr\/#\/schema\/logo\/image\/\"},\"sameAs\":[\"https:\/\/facebook.com\/leblogateur\",\"https:\/\/x.com\/blogateur\"]},{\"@type\":\"Person\",\"@id\":\"https:\/\/leblogateur.fr\/#\/schema\/person\/4dbb59f86ca1ce5da6ed7dc156a62408\",\"name\":\"adrien\",\"image\":{\"@type\":\"ImageObject\",\"inLanguage\":\"fr-FR\",\"@id\":\"https:\/\/leblogateur.fr\/#\/schema\/person\/image\/\",\"url\":\"https:\/\/secure.gravatar.com\/avatar\/8f7f32835817313071b889fa696a3be8b702e01c3266e2768fd36b885f42ee51?s=96&d=mm&r=g\",\"contentUrl\":\"https:\/\/secure.gravatar.com\/avatar\/8f7f32835817313071b889fa696a3be8b702e01c3266e2768fd36b885f42ee51?s=96&d=mm&r=g\",\"caption\":\"adrien\"},\"sameAs\":[\"https:\/\/leblogateur.fr\"],\"url\":\"https:\/\/leblogateur.fr\/?author=1\"}]}<\/script>\n<!-- \/ Yoast SEO plugin. -->","yoast_head_json":{"title":"Grenoble : Une fusillade fait un mort et un bless\u00e9 - LeBlogateur","description":"Une \u00e9ni\u00e8me fusillade fait un mort et un bless\u00e9 \u00e0 Grenoble. Ils avaient 16 & 17 ans.","robots":{"index":"index","follow":"follow","max-snippet":"max-snippet:-1","max-image-preview":"max-image-preview:large","max-video-preview":"max-video-preview:-1"},"canonical":"https:\/\/leblogateur.fr\/?p=239","og_locale":"fr_FR","og_type":"article","og_title":"Grenoble : Une fusillade fait un mort et un bless\u00e9 - LeBlogateur","og_description":"Une \u00e9ni\u00e8me fusillade fait un mort et un bless\u00e9 \u00e0 Grenoble. Ils avaient 16 & 17 ans.","og_url":"https:\/\/leblogateur.fr\/?p=239","og_site_name":"LeBlogateur","article_publisher":"https:\/\/facebook.com\/leblogateur","article_published_time":"2024-10-23T07:02:37+00:00","article_modified_time":"2024-10-23T07:02:40+00:00","og_image":[{"width":1000,"height":500,"url":"https:\/\/leblogateur.fr\/wp-content\/uploads\/2024\/10\/image-10.png","type":"image\/png"}],"author":"adrien","twitter_card":"summary_large_image","twitter_creator":"@blogateur","twitter_site":"@blogateur","twitter_misc":{"\u00c9crit par":"adrien","Dur\u00e9e de lecture estim\u00e9e":"2 minutes"},"schema":{"@context":"https:\/\/schema.org","@graph":[{"@type":"Article","@id":"https:\/\/leblogateur.fr\/?p=239#article","isPartOf":{"@id":"https:\/\/leblogateur.fr\/?p=239"},"author":{"name":"adrien","@id":"https:\/\/leblogateur.fr\/#\/schema\/person\/4dbb59f86ca1ce5da6ed7dc156a62408"},"headline":"Grenoble : Une fusillade fait un mort et un bless\u00e9","datePublished":"2024-10-23T07:02:37+00:00","dateModified":"2024-10-23T07:02:40+00:00","mainEntityOfPage":{"@id":"https:\/\/leblogateur.fr\/?p=239"},"wordCount":229,"commentCount":0,"publisher":{"@id":"https:\/\/leblogateur.fr\/#organization"},"image":{"@id":"https:\/\/leblogateur.fr\/?p=239#primaryimage"},"thumbnailUrl":"https:\/\/leblogateur.fr\/wp-content\/uploads\/2024\/10\/image-10.png","keywords":["Drogue","Fusillade","Gang","Grenoble","Guerre","Hoche","leblogateur","Trafic"],"articleSection":["Faits divers"],"inLanguage":"fr-FR","potentialAction":[{"@type":"CommentAction","name":"Comment","target":["https:\/\/leblogateur.fr\/?p=239#respond"]}]},{"@type":"WebPage","@id":"https:\/\/leblogateur.fr\/?p=239","url":"https:\/\/leblogateur.fr\/?p=239","name":"Grenoble : Une fusillade fait un mort et un bless\u00e9 - LeBlogateur","isPartOf":{"@id":"https:\/\/leblogateur.fr\/#website"},"primaryImageOfPage":{"@id":"https:\/\/leblogateur.fr\/?p=239#primaryimage"},"image":{"@id":"https:\/\/leblogateur.fr\/?p=239#primaryimage"},"thumbnailUrl":"https:\/\/leblogateur.fr\/wp-content\/uploads\/2024\/10\/image-10.png","datePublished":"2024-10-23T07:02:37+00:00","dateModified":"2024-10-23T07:02:40+00:00","description":"Une \u00e9ni\u00e8me fusillade fait un mort et un bless\u00e9 \u00e0 Grenoble. Ils avaient 16 & 17 ans.","breadcrumb":{"@id":"https:\/\/leblogateur.fr\/?p=239#breadcrumb"},"inLanguage":"fr-FR","potentialAction":[{"@type":"ReadAction","target":["https:\/\/leblogateur.fr\/?p=239"]}]},{"@type":"ImageObject","inLanguage":"fr-FR","@id":"https:\/\/leblogateur.fr\/?p=239#primaryimage","url":"https:\/\/leblogateur.fr\/wp-content\/uploads\/2024\/10\/image-10.png","contentUrl":"https:\/\/leblogateur.fr\/wp-content\/uploads\/2024\/10\/image-10.png","width":1000,"height":500},{"@type":"BreadcrumbList","@id":"https:\/\/leblogateur.fr\/?p=239#breadcrumb","itemListElement":[{"@type":"ListItem","position":1,"name":"Accueil","item":"https:\/\/leblogateur.fr\/"},{"@type":"ListItem","position":2,"name":"Grenoble : Une fusillade fait un mort et un bless\u00e9"}]},{"@type":"WebSite","@id":"https:\/\/leblogateur.fr\/#website","url":"https:\/\/leblogateur.fr\/","name":"LeBlogateur","description":"Votre dose d&#039;actu","publisher":{"@id":"https:\/\/leblogateur.fr\/#organization"},"potentialAction":[{"@type":"SearchAction","target":{"@type":"EntryPoint","urlTemplate":"https:\/\/leblogateur.fr\/?s={search_term_string}"},"query-input":{"@type":"PropertyValueSpecification","valueRequired":true,"valueName":"search_term_string"}}],"inLanguage":"fr-FR"},{"@type":"Organization","@id":"https:\/\/leblogateur.fr\/#organization","name":"LeBlogateur","url":"https:\/\/leblogateur.fr\/","logo":{"@type":"ImageObject","inLanguage":"fr-FR","@id":"https:\/\/leblogateur.fr\/#\/schema\/logo\/image\/","url":"https:\/\/leblogateur.fr\/wp-content\/uploads\/2024\/10\/cropped-Capture-decran-2024-10-16-214642.png","contentUrl":"https:\/\/leblogateur.fr\/wp-content\/uploads\/2024\/10\/cropped-Capture-decran-2024-10-16-214642.png","width":247,"height":95,"caption":"LeBlogateur"},"image":{"@id":"https:\/\/leblogateur.fr\/#\/schema\/logo\/image\/"},"sameAs":["https:\/\/facebook.com\/leblogateur","https:\/\/x.com\/blogateur"]},{"@type":"Person","@id":"https:\/\/leblogateur.fr\/#\/schema\/person\/4dbb59f86ca1ce5da6ed7dc156a62408","name":"adrien","image":{"@type":"ImageObject","inLanguage":"fr-FR","@id":"https:\/\/leblogateur.fr\/#\/schema\/person\/image\/","url":"https:\/\/secure.gravatar.com\/avatar\/8f7f32835817313071b889fa696a3be8b702e01c3266e2768fd36b885f42ee51?s=96&d=mm&r=g","contentUrl":"https:\/\/secure.gravatar.com\/avatar\/8f7f32835817313071b889fa696a3be8b702e01c3266e2768fd36b885f42ee51?s=96&d=mm&r=g","caption":"adrien"},"sameAs":["https:\/\/leblogateur.fr"],"url":"https:\/\/leblogateur.fr\/?author=1"}]}},"_links":{"self":[{"href":"https:\/\/leblogateur.fr\/index.php?rest_route=\/wp\/v2\/posts\/239","targetHints":{"allow":["GET"]}}],"collection":[{"href":"https:\/\/leblogateur.fr\/index.php?rest_route=\/wp\/v2\/posts"}],"about":[{"href":"https:\/\/leblogateur.fr\/index.php?rest_route=\/wp\/v2\/types\/post"}],"author":[{"embeddable":true,"href":"https:\/\/leblogateur.fr\/index.php?rest_route=\/wp\/v2\/users\/1"}],"replies":[{"embeddable":true,"href":"https:\/\/leblogateur.fr\/index.php?rest_route=%2Fwp%2Fv2%2Fcomments&post=239"}],"version-history":[{"count":1,"href":"https:\/\/leblogateur.fr\/index.php?rest_route=\/wp\/v2\/posts\/239\/revisions"}],"predecessor-version":[{"id":241,"href":"https:\/\/leblogateur.fr\/index.php?rest_route=\/wp\/v2\/posts\/239\/revisions\/241"}],"wp:featuredmedia":[{"embeddable":true,"href":"https:\/\/leblogateur.fr\/index.php?rest_route=\/wp\/v2\/media\/240"}],"wp:attachment":[{"href":"https:\/\/leblogateur.fr\/index.php?rest_route=%2Fwp%2Fv2%2Fmedia&parent=239"}],"wp:term":[{"taxonomy":"category","embeddable":true,"href":"https:\/\/leblogateur.fr\/index.php?rest_route=%2Fwp%2Fv2%2Fcategories&post=239"},{"taxonomy":"post_tag","embeddable":true,"href":"https:\/\/leblogateur.fr\/index.php?rest_route=%2Fwp%2Fv2%2Ftags&post=239"}],"curies":[{"name":"wp","href":"https:\/\/api.w.org\/{rel}","templated":true}]}}